{"id":1619,"date":"2026-08-13T20:15:16","date_gmt":"2026-08-13T23:15:16","guid":{"rendered":"https:\/\/enscdbustos-cba.infd.edu.ar\/sitio\/?p=1619"},"modified":"2026-08-13T20:15:18","modified_gmt":"2026-08-13T23:15:18","slug":"2-convocatoria-cobertura-horas-catedra-administracion-de-los-recursos-humanos","status":"publish","type":"post","link":"https:\/\/enscdbustos-cba.infd.edu.ar\/sitio\/2-convocatoria-cobertura-horas-catedra-administracion-de-los-recursos-humanos\/","title":{"rendered":"2\u00b0 CONVOCATORIA COBERTURA HORAS C\u00c1TEDRA \u2013 ADMINISTRACI\u00d3N DE LOS RECURSOS HUMANOS"},"content":{"rendered":"\n<p>La Escuela Normal Superior \u00abMaestros Argentinos\u00bb CONVOCA a los\/las aspirantes para la cobertura de los siguientes Espacios Curriculares de la carrera \u00abTecnicatura Superior en Administraci\u00f3n\u00bb procedimiento establecido por RM N\u00b0 197\/22:<\/p>\n\n\n\n<p><strong>Espacio curricular:<\/strong>&nbsp;<strong>ADMINISTRACI\u00d3N DE LOS RECURSOS HUMANOS<\/strong><\/p>\n\n\n\n<p>\u2022 Car\u00e1cter: INTERINO<br>\u2022 Curso\/Divisi\u00f3n: 2\u00ba a\u00f1o&nbsp;<br>\u2022 Carga horaria: 06 horas<br>\u2022 D\u00edas y horario de desempe\u00f1o: Martes: 18:00 A 18:40, Mi\u00e9rcoles: 19:30 a 20:10, Mi\u00e9rcoles: 20:10 a 20:50, Jueves: 18:00 a 18:40, Jueves: 18:40 a 19:20 y Viernes: 17:10 a 17:50.<\/p>\n\n\n\n<p>\u2022 Causal de la vacante: Apertura de curso a t\u00e9rmino.<br>\u2022 Correo Electr\u00f3nico (al que los aspirantes enviar\u00e1n la Documentaci\u00f3n): ens.maestrosargentinos@gmail.com<\/p>\n\n\n\n<p>Fecha de Autorizaci\u00f3n:\u00a0<strong>19\/08\/2026<\/strong>\u00a0al\u00a0<strong>21\/08\/2026<\/strong><\/p>\n","protected":false},"excerpt":{"rendered":"<p>La Escuela Normal Superior \u00abMaestros Argentinos\u00bb CONVOCA a los\/las aspirantes para la cobertura de los siguientes Espacios Curriculares de la carrera \u00abTecnicatura Superior en Administraci\u00f3n\u00bb procedimiento establecido por RM N\u00b0 197\/22: Espacio curricular:&nbsp;ADMINISTRACI\u00d3N DE LOS RECURSOS HUMANOS \u2022 Car\u00e1cter: INTERINO\u2022 Curso\/Divisi\u00f3n: 2\u00ba a\u00f1o&nbsp;\u2022 Carga horaria: 06 horas\u2022 D\u00edas y horario de desempe\u00f1o: Martes: 18:00 A &#8230; <a title=\"2\u00b0 CONVOCATORIA COBERTURA HORAS C\u00c1TEDRA \u2013 ADMINISTRACI\u00d3N DE LOS RECURSOS HUMANOS\" class=\"read-more\" href=\"https:\/\/enscdbustos-cba.infd.edu.ar\/sitio\/2-convocatoria-cobertura-horas-catedra-administracion-de-los-recursos-humanos\/\" aria-label=\"More on 2\u00b0 CONVOCATORIA COBERTURA HORAS C\u00c1TEDRA \u2013 ADMINISTRACI\u00d3N DE LOS RECURSOS HUMANOS\">[+]<\/a><\/p>\n","protected":false},"author":11,"featured_media":0,"comment_status":"open","ping_status":"open","sticky":false,"template":"","format":"standard","meta":[],"categories":[1],"tags":[],"acf":[],"_links":{"self":[{"href":"https:\/\/enscdbustos-cba.infd.edu.ar\/sitio\/wp-json\/wp\/v2\/posts\/1619"}],"collection":[{"href":"https:\/\/enscdbustos-cba.infd.edu.ar\/sitio\/wp-json\/wp\/v2\/posts"}],"about":[{"href":"https:\/\/enscdbustos-cba.infd.edu.ar\/sitio\/wp-json\/wp\/v2\/types\/post"}],"author":[{"embeddable":true,"href":"https:\/\/enscdbustos-cba.infd.edu.ar\/sitio\/wp-json\/wp\/v2\/users\/11"}],"replies":[{"embeddable":true,"href":"https:\/\/enscdbustos-cba.infd.edu.ar\/sitio\/wp-json\/wp\/v2\/comments?post=1619"}],"version-history":[{"count":1,"href":"https:\/\/enscdbustos-cba.infd.edu.ar\/sitio\/wp-json\/wp\/v2\/posts\/1619\/revisions"}],"predecessor-version":[{"id":1620,"href":"https:\/\/enscdbustos-cba.infd.edu.ar\/sitio\/wp-json\/wp\/v2\/posts\/1619\/revisions\/1620"}],"wp:attachment":[{"href":"https:\/\/enscdbustos-cba.infd.edu.ar\/sitio\/wp-json\/wp\/v2\/media?parent=1619"}],"wp:term":[{"taxonomy":"category","embeddable":true,"href":"https:\/\/enscdbustos-cba.infd.edu.ar\/sitio\/wp-json\/wp\/v2\/categories?post=1619"},{"taxonomy":"post_tag","embeddable":true,"href":"https:\/\/enscdbustos-cba.infd.edu.ar\/sitio\/wp-json\/wp\/v2\/tags?post=1619"}],"curies":[{"name":"wp","href":"https:\/\/api.w.org\/{rel}","templated":true}]}}